{"id":994,"__str__":"Requerimento n\u00ba 8 de 2025","link_detail_backend":"/materia/994","metadata":{},"numero":8,"ano":2025,"numero_protocolo":null,"data_apresentacao":"2025-07-31","tipo_apresentacao":"E","data_publicacao":null,"numero_origem_externa":"","ano_origem_externa":null,"data_origem_externa":null,"apelido":"","dias_prazo":null,"data_fim_prazo":null,"em_tramitacao":true,"polemica":false,"objeto":"","complementar":false,"ementa":"Requer o envio de informa\u00e7\u00f5es detalhadas referentes aos gastos p\u00fablicos realizados com a \u201c3\u00aa Edi\u00e7\u00e3o do Plan Fest Car de Carros Antigos\u201d, contendo: Rela\u00e7\u00e3o pormenorizada das despesas, com discrimina\u00e7\u00e3o dos valores pagos individualmente a cada fornecedor ou prestador de servi\u00e7o (ex: som, palco, ilumina\u00e7\u00e3o, alimenta\u00e7\u00e3o, hospedagem, decora\u00e7\u00e3o, seguran\u00e7a, limpeza, divulga\u00e7\u00e3o, premia\u00e7\u00f5es, entre outros); Indica\u00e7\u00e3o da fonte dos recursos utilizados (ex: recursos pr\u00f3prios, emendas parlamentares, conv\u00eanios, parcerias privadas); Informa\u00e7\u00f5es sobre os crit\u00e9rios adotados para a sele\u00e7\u00e3o dos fornecedores e contratados envolvidos na realiza\u00e7\u00e3o do evento.","indexacao":"Requer o envio de informa\u00e7\u00f5es detalhadas referentes aos gastos p\u00fablicos realizados com a \u201c3\u00aa Edi\u00e7\u00e3o do Plan Fest Car de Carros Antigos\u201d, contendo: Rela\u00e7\u00e3o pormenorizada das despesas, com discrimina\u00e7\u00e3o dos valores pagos individualmente a cada fornecedor ou prestador de servi\u00e7o (ex: som, palco, ilumina\u00e7\u00e3o, alimenta\u00e7\u00e3o, hospedagem, decora\u00e7\u00e3o, seguran\u00e7a, limpeza, divulga\u00e7\u00e3o, premia\u00e7\u00f5es, entre outros); Indica\u00e7\u00e3o da fonte dos recursos utilizados (ex: recursos pr\u00f3prios, emendas parlamentares, conv\u00eanios, parcerias privadas); Informa\u00e7\u00f5es sobre os crit\u00e9rios adotados para a sele\u00e7\u00e3o dos fornecedores e contratados envolvidos na realiza\u00e7\u00e3o do evento.","observacao":"","resultado":"","texto_original":"http://sapl.planura.mg.leg.br/media/sapl/public/materialegislativa/2025/994/8_carros_antigos_ano_2025_adriano_celso_jbm_e_ramiro.pdf","data_ultima_atualizacao":"2025-08-04T14:38:44.924492-03:00","ip":"191.55.49.167","ultima_edicao":"2025-08-04T14:37:18.448707-03:00","tipo":6,"regime_tramitacao":1,"tipo_origem_externa":null,"local_origem_externa":null,"user":8,"anexadas":[],"autores":[42,1,31,41]}