{"id":993,"__str__":"Requerimento n\u00ba 7 de 2025","link_detail_backend":"/materia/993","metadata":{},"numero":7,"ano":2025,"numero_protocolo":null,"data_apresentacao":"2025-07-31","tipo_apresentacao":"E","data_publicacao":null,"numero_origem_externa":"","ano_origem_externa":null,"data_origem_externa":null,"apelido":"","dias_prazo":null,"data_fim_prazo":null,"em_tramitacao":true,"polemica":false,"objeto":"","complementar":false,"ementa":"Requer envio de informa\u00e7\u00f5es detalhadas acerca dos gastos p\u00fablicos com o \u201cArrai\u00e1 de S\u00e3o Jo\u00e3o Nordestino\u201d realizado no dia 05 de julho de 2025, no campo de terr\u00e3o contendo de forma objetiva e detalhada, as seguintes informa\u00e7\u00f5es: Valor total gasto com a realiza\u00e7\u00e3o do referido evento; Rela\u00e7\u00e3o discriminada das despesas, especificando os valores pagos a cada fornecedor ou prestador de servi\u00e7o (ex: contrata\u00e7\u00e3o de artistas, estrutura de palco, som, ilumina\u00e7\u00e3o, decora\u00e7\u00e3o, alimenta\u00e7\u00e3o, seguran\u00e7a, limpeza, etc.); Fonte de recursos utilizada para custeio do evento (ex: recursos pr\u00f3prios, conv\u00eanios, emendas parlamentares, parcerias com a iniciativa privada, entre outros).","indexacao":"Requer envio de informa\u00e7\u00f5es detalhadas acerca dos gastos p\u00fablicos com o \u201cArrai\u00e1 de S\u00e3o Jo\u00e3o Nordestino\u201d realizado no dia 05 de julho de 2025, no campo de terr\u00e3o contendo de forma objetiva e detalhada, as seguintes informa\u00e7\u00f5es: Valor total gasto com a realiza\u00e7\u00e3o do referido evento; Rela\u00e7\u00e3o discriminada das despesas, especificando os valores pagos a cada fornecedor ou prestador de servi\u00e7o (ex: contrata\u00e7\u00e3o de artistas, estrutura de palco, som, ilumina\u00e7\u00e3o, decora\u00e7\u00e3o, alimenta\u00e7\u00e3o, seguran\u00e7a, limpeza, etc.); Fonte de recursos utilizada para custeio do evento (ex: recursos pr\u00f3prios, conv\u00eanios, emendas parlamentares, parcerias com a iniciativa privada, entre outros).","observacao":"","resultado":"","texto_original":"http://sapl.planura.mg.leg.br/media/sapl/public/materialegislativa/2025/993/7_arraia_nordestino_ano_2025_adriano_celso_jbm_e_ramiro.pdf","data_ultima_atualizacao":"2025-08-04T14:35:57.088962-03:00","ip":"191.55.49.167","ultima_edicao":"2025-08-04T14:34:15.538159-03:00","tipo":6,"regime_tramitacao":1,"tipo_origem_externa":null,"local_origem_externa":null,"user":8,"anexadas":[],"autores":[42,1,31,41]}