{"id":715,"__str__":"Anexos - Parecer do \u00d3rg\u00e3o T\u00e9cnico de 27/06/2022 por Poder Executivo","link_detail_backend":"/materia/documentoacessorio/715","metadata":{},"nome":"Parecer do \u00d3rg\u00e3o T\u00e9cnico","data":"2022-06-27","autor":"Poder Executivo","ementa":"","indexacao":"","arquivo":"http://sapl.planura.mg.leg.br/media/sapl/public/documentoacessorio/2022/715/parecer_orgao_tecnico_2.pdf","data_ultima_atualizacao":"2022-06-27T15:23:03.086084-03:00","materia":501,"tipo":11}