{"id":1009,"__str__":"Anexos - Laudo de Avalia\u00e7\u00e3o de 02/08/2023 por ","link_detail_backend":"/materia/documentoacessorio/1009","metadata":{},"nome":"Laudo de Avalia\u00e7\u00e3o","data":"2023-08-02","autor":"","ementa":"","indexacao":"","arquivo":"http://sapl.planura.mg.leg.br/media/sapl/public/documentoacessorio/2023/1009/laudo_de_avaliacao.pdf","data_ultima_atualizacao":"2023-08-04T16:08:14.597341-03:00","materia":658,"tipo":11}